{"id":801,"date":"2025-09-15T07:37:05","date_gmt":"2025-09-15T07:37:05","guid":{"rendered":"https:\/\/deaviata.academiastartline.ro\/wp\/?p=801"},"modified":"2025-09-15T07:39:00","modified_gmt":"2025-09-15T07:39:00","slug":"15-septembrie","status":"publish","type":"post","link":"https:\/\/deaviata.academiastartline.ro\/wp\/15-septembrie\/","title":{"rendered":"15 septembrie"},"content":{"rendered":"\n<p>\ud83d\udcc5 15 septembrie.<br>Bun\u0103 diminea\u021ba\u2615<\/p>\n\n\n\n<p>Acum 20 de ani, oamenii \u00eemi spuneau \u201edoamna \u00eenv\u0103\u021b\u0103toare\u201d \u0219i \u00eemi a\u0219teptam elevii cu ner\u0103bdare pentru prima zi de \u0219coal\u0103.<br>\u00cen acea var\u0103 \u00eemi \u00eenfiin\u021basem \u0219i prima mea firm\u0103 \u2013 \u00eencepusem \u0219i drumul meu ca antreprenor.<\/p>\n\n\n\n<p>Ast\u0103zi mul\u021bi oameni \u00eemi spun \u201eDoamna cu Ac\u021biunea\u201d sau \u201eDoamna Ac\u021biune\u201d. \u0218i, cu aceea\u0219i emo\u021bie \u0219i bucurie, \u00eemi a\u0219tept \u201egrupa\u201d pentru edi\u021bia de toamn\u0103 a Antrenamentului anti-am\u00e2nare \u0219i pro-ac\u021biune \u2013 FIRUL RO\u0218U . \ud83d\udd34\u2728<br>\u00cencepem altfel de \u201e\u0219coal\u0103\u201d, \u00eempreun\u0103\u2026<\/p>\n\n\n\n<p>\ud83c\udf38 Azi, pe15 septembrie, \u00eenal\u021b &#8211; bine\u00een\u021beles &#8211; \u0219i pentru tine, om bun din comunitatea Atelierul de Visuri, un g\u00e2nd.<br>\u00cel g\u0103se\u0219ti mai jos, \u00een vizual, \u0219i sper s\u0103 \u00ee\u021bi aduc\u0103 inspira\u021bie.<\/p>\n\n\n\n<p>\ud83d\udca1 \u0218i pentru c\u0103 e \u00eenceput de s\u0103pt\u0103m\u00e2n\u0103, mi-am clarificat \u0219i eu inten\u021bia:<br>\u2728 s\u0103 creez c\u00e2t mai multe contexte de ac\u021biune cu \u00een\u021belepciune,<br>\u2728 s\u0103 aduc oportunit\u0103\u021bi de progres pentru oameni \u0219i pentru mine,<br>\u2728 s\u0103 fiu recunosc\u0103toare pentru c\u0103 fac ceea ce \u00eemi place \u0219i \u201e\u00eemi face sufletul s\u0103 c\u00e2nte\u201d,<br>\u2728 s\u0103 merg pe jos, s\u0103 fac sport, s\u0103 beau ap\u0103, s\u0103 m\u0103n\u00e2nc regulat (f\u0103r\u0103 ron\u021b\u0103ieli \u00eentre mese), s\u0103 fiu bl\u00e2nd\u0103 cu mine \u0219i s\u0103 fiu cel mai mare sus\u021bin\u0103tor al meu. \ud83e\udd0d<\/p>\n\n\n\n<p>\ud83c\udf3f Mi-am desenat \u0219i harta mental\u0103 a s\u0103pt\u0103m\u00e2nii \u0219i \u00eemi spun:<br>\u2728 Ghidez cu bucurie \u0219i recuno\u0219tin\u021b\u0103, f\u0103c\u00e2nd tot ce \u021bine de mine pentru ca FIRUL RO\u0218U s\u0103 aduc\u0103 participan\u021bilor ac\u021biune, rezultate \u0219i progres.<br>\u2728 Sunt ghid cu bl\u00e2nde\u021be \u0219i direc\u021bie pe ac\u021biune \u00een sesiunile Power Up \u0219i \u00een sesiunile individuale de mentorare &amp; coaching.<br>\u2728 Preg\u0103tesc cu entuziasm sesiunea de networking din comunitatea noastr\u0103 (prima zi de mar\u021bi din octombrie).<br>\u2728 \u00cencep s\u0103 lucrez la \u00cent\u00e2lnirea Inimilor Bune din 15 noiembrie.<br>\u2728 Preg\u0103tesc o surpriz\u0103 de conectare pentru finalul de lun\u0103. \ud83c\udf1f<br>\u0218i da \u2026.. \u00een aceast\u0103 s\u0103pt\u0103m\u00e2n\u0103 particip cu drag \u0219i \u00eemi aduc contribu\u021bia \u00een \u00eent\u00e2lnirea Comunit\u0103\u021bii de Dream Management a Mirelei Oprea.<\/p>\n\n\n\n<p>\ud83e\udd0d Tu \u021bi-ai clarificat inten\u021bia pentru aceast\u0103 s\u0103pt\u0103m\u00e2n\u0103?<br>Las\u0103 un Like sau o inimioar\u0103 ca semn c\u0103 trimi\u021bi \u0219i tu un g\u00e2nd bun c\u0103tre noi, cei care alegem s\u0103 facem pa\u0219i c\u0103tre visurile noastre.<\/p>\n","protected":false},"excerpt":{"rendered":"<p>\ud83d\udcc5 15 septembrie.Bun\u0103 diminea\u021ba\u2615 Acum 20 de ani, oamenii \u00eemi spuneau \u201edoamna \u00eenv\u0103\u021b\u0103toare\u201d \u0219i \u00eemi a\u0219teptam elevii cu ner\u0103bdare pentru prima zi de \u0219coal\u0103.\u00cen acea var\u0103 \u00eemi \u00eenfiin\u021basem \u0219i prima mea firm\u0103 \u2013 \u00eencepusem \u0219i drumul meu ca antreprenor. Ast\u0103zi mul\u021bi oameni \u00eemi spun \u201eDoamna &hellip; <\/p>\n","protected":false},"author":1,"featured_media":0,"comment_status":"open","ping_status":"open","sticky":false,"template":"","format":"standard","meta":{"footnotes":""},"categories":[1],"tags":[],"class_list":["post-801","post","type-post","status-publish","format-standard","hentry","category-dezvoltare-personala","latest_post"],"yoast_head":"<!-- This site is optimized with the Yoast SEO plugin v24.9 - https:\/\/yoast.com\/wordpress\/plugins\/seo\/ -->\n<title>15 septembrie - DE-A VIATA<\/title>\n<meta name=\"robots\" content=\"index, follow, max-snippet:-1, max-image-preview:large, max-video-preview:-1\" \/>\n<link rel=\"canonical\" href=\"https:\/\/deaviata.academiastartline.ro\/wp\/15-septembrie\/\" \/>\n<meta property=\"og:locale\" content=\"ro_RO\" \/>\n<meta property=\"og:type\" content=\"article\" \/>\n<meta property=\"og:title\" content=\"15 septembrie - DE-A VIATA\" \/>\n<meta property=\"og:description\" content=\"\ud83d\udcc5 15 septembrie.Bun\u0103 diminea\u021ba\u2615 Acum 20 de ani, oamenii \u00eemi spuneau \u201edoamna \u00eenv\u0103\u021b\u0103toare\u201d \u0219i \u00eemi a\u0219teptam elevii cu ner\u0103bdare pentru prima zi de \u0219coal\u0103.\u00cen acea var\u0103 \u00eemi \u00eenfiin\u021basem \u0219i prima mea firm\u0103 \u2013 \u00eencepusem \u0219i drumul meu ca antreprenor. Ast\u0103zi mul\u021bi oameni \u00eemi spun \u201eDoamna &hellip;\" \/>\n<meta property=\"og:url\" content=\"https:\/\/deaviata.academiastartline.ro\/wp\/15-septembrie\/\" \/>\n<meta property=\"og:site_name\" content=\"DE-A VIATA\" \/>\n<meta property=\"article:author\" content=\"https:\/\/www.facebook.com\/groups\/atelieruldevisuri\" \/>\n<meta property=\"article:published_time\" content=\"2025-09-15T07:37:05+00:00\" \/>\n<meta property=\"article:modified_time\" content=\"2025-09-15T07:39:00+00:00\" \/>\n<meta name=\"author\" content=\"Gina Stefanoaia\" \/>\n<meta name=\"twitter:card\" content=\"summary_large_image\" \/>\n<meta name=\"twitter:label1\" content=\"Scris de\" \/>\n\t<meta name=\"twitter:data1\" content=\"Gina Stefanoaia\" \/>\n\t<meta name=\"twitter:label2\" content=\"Timp estimat pentru citire\" \/>\n\t<meta name=\"twitter:data2\" content=\"3 minute\" \/>\n<script type=\"application\/ld+json\" class=\"yoast-schema-graph\">{\"@context\":\"https:\/\/schema.org\",\"@graph\":[{\"@type\":\"WebPage\",\"@id\":\"https:\/\/deaviata.academiastartline.ro\/wp\/15-septembrie\/\",\"url\":\"https:\/\/deaviata.academiastartline.ro\/wp\/15-septembrie\/\",\"name\":\"15 septembrie - DE-A VIATA\",\"isPartOf\":{\"@id\":\"https:\/\/deaviata.academiastartline.ro\/wp\/#website\"},\"datePublished\":\"2025-09-15T07:37:05+00:00\",\"dateModified\":\"2025-09-15T07:39:00+00:00\",\"author\":{\"@id\":\"https:\/\/deaviata.academiastartline.ro\/wp\/#\/schema\/person\/7abd4180c5d9d871735c01541901aaaf\"},\"breadcrumb\":{\"@id\":\"https:\/\/deaviata.academiastartline.ro\/wp\/15-septembrie\/#breadcrumb\"},\"inLanguage\":\"ro-RO\",\"potentialAction\":[{\"@type\":\"ReadAction\",\"target\":[\"https:\/\/deaviata.academiastartline.ro\/wp\/15-septembrie\/\"]}]},{\"@type\":\"BreadcrumbList\",\"@id\":\"https:\/\/deaviata.academiastartline.ro\/wp\/15-septembrie\/#breadcrumb\",\"itemListElement\":[{\"@type\":\"ListItem\",\"position\":1,\"name\":\"Prima pagin\u0103\",\"item\":\"https:\/\/deaviata.academiastartline.ro\/wp\/\"},{\"@type\":\"ListItem\",\"position\":2,\"name\":\"15 septembrie\"}]},{\"@type\":\"WebSite\",\"@id\":\"https:\/\/deaviata.academiastartline.ro\/wp\/#website\",\"url\":\"https:\/\/deaviata.academiastartline.ro\/wp\/\",\"name\":\"DE-A VIATA\",\"description\":\"Povestea ta conteaza\",\"potentialAction\":[{\"@type\":\"SearchAction\",\"target\":{\"@type\":\"EntryPoint\",\"urlTemplate\":\"https:\/\/deaviata.academiastartline.ro\/wp\/?s={search_term_string}\"},\"query-input\":{\"@type\":\"PropertyValueSpecification\",\"valueRequired\":true,\"valueName\":\"search_term_string\"}}],\"inLanguage\":\"ro-RO\"},{\"@type\":\"Person\",\"@id\":\"https:\/\/deaviata.academiastartline.ro\/wp\/#\/schema\/person\/7abd4180c5d9d871735c01541901aaaf\",\"name\":\"Gina Stefanoaia\",\"image\":{\"@type\":\"ImageObject\",\"inLanguage\":\"ro-RO\",\"@id\":\"https:\/\/deaviata.academiastartline.ro\/wp\/#\/schema\/person\/image\/\",\"url\":\"https:\/\/secure.gravatar.com\/avatar\/5e77275412a8799c04736b22c7298090a4c5251e7ab97c9b684a582ecff3efc9?s=96&d=mm&r=g\",\"contentUrl\":\"https:\/\/secure.gravatar.com\/avatar\/5e77275412a8799c04736b22c7298090a4c5251e7ab97c9b684a582ecff3efc9?s=96&d=mm&r=g\",\"caption\":\"Gina Stefanoaia\"},\"sameAs\":[\"https:\/\/deaviata.academiastartline.ro\/wp\",\"https:\/\/www.facebook.com\/groups\/atelieruldevisuri\"],\"url\":\"https:\/\/deaviata.academiastartline.ro\/wp\/author\/deaviata\/\"}]}<\/script>\n<!-- \/ Yoast SEO plugin. -->","yoast_head_json":{"title":"15 septembrie - DE-A VIATA","robots":{"index":"index","follow":"follow","max-snippet":"max-snippet:-1","max-image-preview":"max-image-preview:large","max-video-preview":"max-video-preview:-1"},"canonical":"https:\/\/deaviata.academiastartline.ro\/wp\/15-septembrie\/","og_locale":"ro_RO","og_type":"article","og_title":"15 septembrie - DE-A VIATA","og_description":"\ud83d\udcc5 15 septembrie.Bun\u0103 diminea\u021ba\u2615 Acum 20 de ani, oamenii \u00eemi spuneau \u201edoamna \u00eenv\u0103\u021b\u0103toare\u201d \u0219i \u00eemi a\u0219teptam elevii cu ner\u0103bdare pentru prima zi de \u0219coal\u0103.\u00cen acea var\u0103 \u00eemi \u00eenfiin\u021basem \u0219i prima mea firm\u0103 \u2013 \u00eencepusem \u0219i drumul meu ca antreprenor. Ast\u0103zi mul\u021bi oameni \u00eemi spun \u201eDoamna &hellip;","og_url":"https:\/\/deaviata.academiastartline.ro\/wp\/15-septembrie\/","og_site_name":"DE-A VIATA","article_author":"https:\/\/www.facebook.com\/groups\/atelieruldevisuri","article_published_time":"2025-09-15T07:37:05+00:00","article_modified_time":"2025-09-15T07:39:00+00:00","author":"Gina Stefanoaia","twitter_card":"summary_large_image","twitter_misc":{"Scris de":"Gina Stefanoaia","Timp estimat pentru citire":"3 minute"},"schema":{"@context":"https:\/\/schema.org","@graph":[{"@type":"WebPage","@id":"https:\/\/deaviata.academiastartline.ro\/wp\/15-septembrie\/","url":"https:\/\/deaviata.academiastartline.ro\/wp\/15-septembrie\/","name":"15 septembrie - DE-A VIATA","isPartOf":{"@id":"https:\/\/deaviata.academiastartline.ro\/wp\/#website"},"datePublished":"2025-09-15T07:37:05+00:00","dateModified":"2025-09-15T07:39:00+00:00","author":{"@id":"https:\/\/deaviata.academiastartline.ro\/wp\/#\/schema\/person\/7abd4180c5d9d871735c01541901aaaf"},"breadcrumb":{"@id":"https:\/\/deaviata.academiastartline.ro\/wp\/15-septembrie\/#breadcrumb"},"inLanguage":"ro-RO","potentialAction":[{"@type":"ReadAction","target":["https:\/\/deaviata.academiastartline.ro\/wp\/15-septembrie\/"]}]},{"@type":"BreadcrumbList","@id":"https:\/\/deaviata.academiastartline.ro\/wp\/15-septembrie\/#breadcrumb","itemListElement":[{"@type":"ListItem","position":1,"name":"Prima pagin\u0103","item":"https:\/\/deaviata.academiastartline.ro\/wp\/"},{"@type":"ListItem","position":2,"name":"15 septembrie"}]},{"@type":"WebSite","@id":"https:\/\/deaviata.academiastartline.ro\/wp\/#website","url":"https:\/\/deaviata.academiastartline.ro\/wp\/","name":"DE-A VIATA","description":"Povestea ta conteaza","potentialAction":[{"@type":"SearchAction","target":{"@type":"EntryPoint","urlTemplate":"https:\/\/deaviata.academiastartline.ro\/wp\/?s={search_term_string}"},"query-input":{"@type":"PropertyValueSpecification","valueRequired":true,"valueName":"search_term_string"}}],"inLanguage":"ro-RO"},{"@type":"Person","@id":"https:\/\/deaviata.academiastartline.ro\/wp\/#\/schema\/person\/7abd4180c5d9d871735c01541901aaaf","name":"Gina Stefanoaia","image":{"@type":"ImageObject","inLanguage":"ro-RO","@id":"https:\/\/deaviata.academiastartline.ro\/wp\/#\/schema\/person\/image\/","url":"https:\/\/secure.gravatar.com\/avatar\/5e77275412a8799c04736b22c7298090a4c5251e7ab97c9b684a582ecff3efc9?s=96&d=mm&r=g","contentUrl":"https:\/\/secure.gravatar.com\/avatar\/5e77275412a8799c04736b22c7298090a4c5251e7ab97c9b684a582ecff3efc9?s=96&d=mm&r=g","caption":"Gina Stefanoaia"},"sameAs":["https:\/\/deaviata.academiastartline.ro\/wp","https:\/\/www.facebook.com\/groups\/atelieruldevisuri"],"url":"https:\/\/deaviata.academiastartline.ro\/wp\/author\/deaviata\/"}]}},"_links":{"self":[{"href":"https:\/\/deaviata.academiastartline.ro\/wp\/wp-json\/wp\/v2\/posts\/801","targetHints":{"allow":["GET"]}}],"collection":[{"href":"https:\/\/deaviata.academiastartline.ro\/wp\/wp-json\/wp\/v2\/posts"}],"about":[{"href":"https:\/\/deaviata.academiastartline.ro\/wp\/wp-json\/wp\/v2\/types\/post"}],"author":[{"embeddable":true,"href":"https:\/\/deaviata.academiastartline.ro\/wp\/wp-json\/wp\/v2\/users\/1"}],"replies":[{"embeddable":true,"href":"https:\/\/deaviata.academiastartline.ro\/wp\/wp-json\/wp\/v2\/comments?post=801"}],"version-history":[{"count":3,"href":"https:\/\/deaviata.academiastartline.ro\/wp\/wp-json\/wp\/v2\/posts\/801\/revisions"}],"predecessor-version":[{"id":804,"href":"https:\/\/deaviata.academiastartline.ro\/wp\/wp-json\/wp\/v2\/posts\/801\/revisions\/804"}],"wp:attachment":[{"href":"https:\/\/deaviata.academiastartline.ro\/wp\/wp-json\/wp\/v2\/media?parent=801"}],"wp:term":[{"taxonomy":"category","embeddable":true,"href":"https:\/\/deaviata.academiastartline.ro\/wp\/wp-json\/wp\/v2\/categories?post=801"},{"taxonomy":"post_tag","embeddable":true,"href":"https:\/\/deaviata.academiastartline.ro\/wp\/wp-json\/wp\/v2\/tags?post=801"}],"curies":[{"name":"wp","href":"https:\/\/api.w.org\/{rel}","templated":true}]}}